{"id":114,"date":"2023-09-20T00:38:27","date_gmt":"2023-09-19T22:38:27","guid":{"rendered":"https:\/\/www.cestypsychotroniky.cz\/?p=114"},"modified":"2023-10-03T03:28:58","modified_gmt":"2023-10-03T01:28:58","slug":"vidite-auru","status":"publish","type":"post","link":"https:\/\/www.cestypsychotroniky.cz\/index.php\/2023\/09\/20\/vidite-auru\/","title":{"rendered":"Vid\u00edte auru?"},"content":{"rendered":"<p><strong>O sv\u00e9 schopnosti vid\u011bt auru a jasnovideck\u00fdch schopnostech p\u0159esv\u011bd\u010duj\u00ed lidi mnoz\u00ed esoterikov\u00e9.<\/strong><!--more--><\/p>\n<p>Existuj\u00ed webov\u00e9 str\u00e1nky a knihy, kter\u00e9 nab\u00edzej\u00ed krok za krokem z\u00edsk\u00e1n\u00ed tohoto um\u011bn\u00ed.<\/p>\n<p>Neurofyziologov\u00e9 sledovali n\u011bkolik lid\u00ed, ovl\u00e1daj\u00edc\u00edch tuto schopnost a skute\u010dn\u011b na\u0161li n\u011bco, \u010deho si d\u0159\u00edve nev\u0161imli.<\/p>\n<p>Ale ne v oblasti \u201ejemn\u00fdch\u201c energi\u00ed, ale v mozku samotn\u00fdch jasnovidc\u016f.<\/p>\n<p>N\u011bkte\u0159\u00ed lid\u00e9 \u0159\u00edkaj\u00ed, \u017ee mohou vid\u011bt tzv. auru &#8211; barevnou siluetu kolem t\u011bla.<\/p>\n<p>Podle jejich slov aura nese informaci o jeho majiteli, o jeho psychick\u00e9m i fyzick\u00e9m stavu.<\/p>\n<p>Jejich schopnost vid\u011bt auru a ovliv\u0148ovat ji znamen\u00e1 p\u016fsobit tak na jej\u00edho nositele \u2013 jde o jednu z metod alternativn\u00ed medic\u00edny.<\/p>\n<p>Z\u00e1stupci v\u011bdy jsou tradi\u010dn\u011b k esoterick\u00fdm metod\u00e1m v\u00edce ne\u017e skepti\u010dt\u00ed.<\/p>\n<p>\u0160pan\u011bl\u0161t\u00ed v\u011bdci z University v Granad\u011b, dostali n\u00e1pad: co kdy\u017e n\u011bkte\u0159\u00ed l\u00e9\u010ditel\u00e9 nel\u017eou?<\/p>\n<p>Koneckonc\u016f, n\u011bkdo opravdu sly\u0161\u00ed hlasy odnikud, vyslovuj\u00ed proroctv\u00ed, kter\u00e1 se v\u0161ak \u010dasto neuk\u00e1\u017eou jako pravdiv\u00e1.<\/p>\n<p>Pozd\u011bji se takov\u00ed lid\u00e9 \u010dasto st\u00e1vaj\u00ed pacienty v psychiatrick\u00fdch klinik\u00e1ch, pokud sly\u0161\u00ed takov\u00e9 hlasy.<\/p>\n<p>P\u0159i zkoum\u00e1n\u00ed n\u011bkolika dobrovoln\u00edk\u016f &#8222;jasnovidc\u016f&#8220; v\u00fdzkumn\u00edci zjistili, \u017ee mozky v\u011bt\u0161iny z nich se vyzna\u010duj\u00ed zvl\u00e1\u0161tn\u00ed funkc\u00ed.<\/p>\n<p>V\u0161ichni tito lid\u00e9 m\u011bli synaesthesii (1) &#8211; &#8222;m\u00edch\u00e1n\u00ed&#8220; smysl\u016f, kdy\u017e p\u0159i stimulaci jednoho smyslov\u00e9ho org\u00e1nu, maj\u00ed pocity vztahuj\u00edc\u00ed se k jin\u00e9mu, nebo dokonce v\u00edce smysl\u016fm.<\/p>\n<p>U v\u011bt\u0161iny sledovan\u00fdch osob, zab\u00fdvaj\u00edc\u00edch se alternativn\u00ed medic\u00ednou, byl \u0161pan\u011blsk\u00fdmi l\u00e9ka\u0159i zji\u0161t\u011bn alespo\u0148 jeden typ synesthesie.<\/p>\n<p>V n\u011bkter\u00fdch z nich \u010d\u00e1st mozku, odpov\u011bdn\u00e1 za vn\u00edm\u00e1n\u00ed okol\u00ed, je aktivovan\u00e1 pro vn\u00edm\u00e1n\u00ed barev.<\/p>\n<p>U jin\u00fdch objevili zrcadlovou synesthesii, kdy\u017e v reakci na dotek \u010di bolest c\u00edtili jin\u00e9 vjemy.<\/p>\n<p>Dob\u0159e vid\u011bt auru a schopnost k empatii je podobn\u00e9 schizofrenn\u00edmu typu charakteru &#8211; \u010dlov\u011bk nen\u00ed je\u0161t\u011b nemocen, ale je n\u00e1chyln\u00fd k m\u00edrn\u00e9 paranoii a halucinac\u00edm.<\/p>\n<p>Projevy synesthesie jsou velmi pestr\u00e1.<\/p>\n<p>Pro takov\u00e9 lidi zvuky a \u010d\u00edsla mohou m\u00edt nap\u0159\u00edklad barvy nebo hmatov\u00e9 funkce: hlas osoby se jim mohou zd\u00e1t hladk\u00fd nebo hrub\u00fd, dny v t\u00fddnu maj\u00ed r\u016fzn\u00e9 barvy.<\/p>\n<p>Synesthesie je vlastnost mozku, kter\u00e1 se objev\u00ed v d\u016fsledku myln\u00e9ho p\u0159echodu z jednoho nervov\u00e9ho smyslov\u00e9ho syst\u00e9mu do druh\u00e9ho.<\/p>\n<p>V minulosti byla synesthesie pova\u017eov\u00e1na za d\u016fsledek du\u0161evn\u00ed poruchy, p\u016fsoben\u00ed l\u00e9k\u016f nebo p\u0159\u00edli\u0161 rozvinut\u00e9 p\u0159edstavivosti. Tak\u00e9 se jej\u00ed projevy p\u0159ipisovaly k rozmar\u016fm g\u00e9ni\u016f.<\/p>\n<p>Nyn\u00ed se v\u011bdci klon\u00ed k n\u00e1zoru, \u017ee malou m\u00edra synest\u00e9sie maj\u00ed t\u00e9m\u011b\u0159 v\u0161ichni mu\u017ei.<\/p>\n<p>To plat\u00ed zejm\u00e9na v d\u011btstv\u00ed, kdy impulsy od v\u0161ech smysl\u016f jsou je\u0161t\u011b pon\u011bkud &#8222;zmaten\u00e9&#8220;.<\/p>\n<p>Nicm\u00e9n\u011b, stabiln\u00ed synesthetick\u00e9 vazby (zvuk &#8211; barva, v\u016fn\u011b &#8211; zvuk, chu\u0165 &#8211; barva) se v dosp\u011blosti objevuj\u00ed jen z\u0159\u00eddka.<\/p>\n<p>Ostatn\u011b, fenom\u00e9n synesthesie je b\u011b\u017en\u00fd mezi kreativn\u00edmi lidmi.<\/p>\n<p>Abstraktn\u00ed um\u011blec Vasilij Kandinskij, nap\u0159\u00edklad sly\u0161el zvuk barev a dokonce pou\u017e\u00edv\u00e1 k popisu sv\u00fdch obraz\u016f hudebn\u00ed terminologii &#8211; &#8222;kompozice&#8220;, &#8222;improvizace&#8220; a skladatel Alexander Skrjabin, naopak, vid\u011bl barevn\u00e9 noty.<\/p>\n<p>Americk\u00fd psycholog Charles Osgood (2) dokonce navrhl, \u017ee fenom\u00e9n synesthesie umo\u017e\u0148uje vznik v\u00fdtvarn\u00fdch metafor a obraz\u016f v p\u0159enesen\u00e9m smyslu.<\/p>\n<p>Spisovatel Vladimir Nabokov ve sv\u00fdch pam\u011btech o sv\u00e9m d\u011btstv\u00ed hovo\u0159\u00ed o tom, jak vzal do rukou kostky a \u0159ekl, \u017ee jejich barvy jsou &#8222;\u0161patn\u00e9&#8220;.\u00a0 Jako chlapec byl pova\u017eov\u00e1n za v\u00fdst\u0159edn\u00edho, ale matka rozpoznala budouc\u00edho g\u00e9nia literatury, nebo\u0165 tak\u00e9 m\u011bla synesthesii.<\/p>\n<p>\u017dena jm\u00e9nem Carol Crine vypr\u00e1v\u00ed vtipn\u00fd p\u0159\u00edb\u011bh. Jako d\u00edt\u011b m\u011bla pocit, \u017ee vid\u00ed barvy p\u00edsmen a c\u00edt\u00ed zvuky hudby, ale samoz\u0159ejm\u011b to pro ni bylo norm\u00e1ln\u00ed.<\/p>\n<p>&#8222;Kdy\u017e hr\u00e1la kytara, jako kdyby mi n\u011bkdo klepal do kotn\u00edk\u016f a klav\u00edr zat\u011b\u017eoval m\u00e9 srdce,&#8220; \u0159ekla Caroline. P\u0159i pohledu na p\u00edsmeno A to u n\u00ed vybudilo vn\u00edm\u00e1n\u00ed \u0161edo-modr\u00fdch z\u00e1blesk\u016f, p\u00edsmeno B n\u00e1mo\u0159n\u00ed mod\u0159 a \u010d\u00edslo 4 \u2013 krvav\u011b \u010dervenou barvu. Ale p\u0159\u00e1tel\u00e9 a zn\u00e1m\u00ed, s nimi\u017e se Crane sna\u017eila pod\u011blit se sv\u00fdmi dojmy, si \u0165ukali prstem na \u010delo.<\/p>\n<p>Nicm\u00e9n\u011b, o mnoho let pozd\u011bji se setkala s l\u00e9ka\u0159em Peterem Grossenbauerem, kter\u00fd studoval lidi s synesthesi\u00ed. &#8222;A kdo jsou ti lid\u00e9 s synaesthesi\u00ed?&#8220; divila se Carol. &#8222;Jsou to lid\u00e9, kte\u0159\u00ed si mysl\u00ed, \u017ee p\u011bt je \u017elut\u00e1,&#8220; odpov\u011bd\u011bl l\u00e9ka\u0159 \u017eertem. &#8222;Ne, p\u011bt je zelen\u00e1!&#8220; zvolala Carol, a samoz\u0159ejm\u011b, za\u010dala spolupracovat s Grossenbauerem.<\/p>\n<p>Synaesthesii m\u011bl i jedine\u010dn\u00fd pacient psychologa A.R. Luria (3) Solomon Veniaminovi\u010d \u0160ere\u0161evskij &#8211; mu\u017e s absolutn\u00ed pam\u011bt\u00ed. (4)<\/p>\n<p>Jeho vz\u00e1cn\u00e1 schopnost zapamatovat si velk\u00e9 mno\u017estv\u00ed \u00fadaj\u016f byla zalo\u017eena i na spont\u00e1nn\u00edch synesthetick\u00fdch pocitech.<\/p>\n<p>Mimochodem, tak jako i u \u0159ady dal\u0161\u00edch synestetik\u016f, i jemu tato schopnost vyvol\u00e1v\u00e1 o\u0161kliv\u00e9 z\u00e1\u017eitky.<\/p>\n<p>&#8222;P\u0159i kupov\u00e1n\u00ed zmrzliny ho prod\u00e1vaj\u00edc\u00ed oslovila tich\u00fdm hlasem: &#8222;Chcete \u010dokol\u00e1dovou?&#8220; Jej\u00ed hlas se mu zd\u00e1l tak ostr\u00fd a tmav\u00e9 barvy, co\u017e mu vyvolalo vizi zmrzliny, pokryt\u00e9 \u010dern\u00fdmi vlo\u010dkami, a nebyl schopen ji ochutnat,&#8220; vypr\u00e1v\u00ed Luria \u0160ere\u0161evsk\u00e9ho p\u0159\u00edb\u011bh.<\/p>\n<p>Tvrd\u00ed se, \u017ee synesthesie se m\u016f\u017ee vyvinout a\u017e v dosp\u011blosti. Takov\u00e1 schopnost je samoz\u0159ejm\u011b origin\u00e1ln\u00ed, a snad i u\u017eite\u010dn\u00e1 pro kreativn\u00ed lidi. Ale jestli v pozad\u00ed t\u00e9to schopnosti je p\u0159et\u00ed\u017een\u00e9 vn\u00edm\u00e1n\u00ed \u2013 je ot\u00e1zka diskutabiln\u00ed.<\/p>\n<p>Tak\u017ee l\u00e9\u010ditel\u00e9 nemus\u00ed lh\u00e1t, pokud \u0159\u00edkaj\u00ed, \u017ee vid\u00ed auru a c\u00edt\u00ed bolest druh\u00fdch. Jin\u00e1 v\u011bc je, \u017ee to, co \u0159\u00edkaj\u00ed, m\u016f\u017ee m\u00edt jen velmi m\u00e1lo spole\u010dn\u00e9ho s objektivn\u00ed realitou.<\/p>\n<p><strong>Odkazy<\/strong><\/p>\n<p>(1) <a href=\"http:\/\/en.wikipedia.org\/wiki\/Synesthesia\" target=\"_blank\" rel=\"noopener\">http:\/\/en.wikipedia.org\/wiki\/Synesthesia<\/a><br \/>\n(2) <a href=\"http:\/\/en.wikipedia.org\/wiki\/Charles_E._Osgood\" target=\"_blank\" rel=\"noopener\">http:\/\/en.wikipedia.org\/wiki\/Charles_E._Osgood<\/a><br \/>\n(3) <a href=\"https:\/\/ru.wikipedia.org\/wiki\/%D0%9B%D1%83%D1%80%D0%B8%D1%8F,_%D0%90%D0%BB%D0%B5%D0%BA%D1%81%D0%B0%D0%BD%D0%B4%D1%80_%D0%A0%D0%BE%D0%BC%D0%B0%D0%BD%D0%BE%D0%B2%D0%B8%D1%87\" target=\"_blank\" rel=\"noopener\">\u041b\u0443\u0440\u0438\u044f, \u0410\u043b\u0435\u043a\u0441\u0430\u043d\u0434\u0440 \u0420\u043e\u043c\u0430\u043d\u043e\u0432\u0438\u0447 \u2014 \u0412\u0438\u043a\u0438\u043f\u0435\u0434\u0438\u044f (wikipedia.org)<\/a><br \/>\n(4) <a href=\"https:\/\/ru.wikipedia.org\/wiki\/%D0%A8%D0%B5%D1%80%D0%B5%D1%88%D0%B5%D0%B2%D1%81%D0%BA%D0%B8%D0%B9,_%D0%A1%D0%BE%D0%BB%D0%BE%D0%BC%D0%BE%D0%BD_%D0%92%D0%B5%D0%BD%D0%B8%D0%B0%D0%BC%D0%B8%D0%BD%D0%BE%D0%B2%D0%B8%D1%87\" target=\"_blank\" rel=\"noopener\">\u0428\u0435\u0440\u0435\u0448\u0435\u0432\u0441\u043a\u0438\u0439, \u0421\u043e\u043b\u043e\u043c\u043e\u043d \u0412\u0435\u043d\u0438\u0430\u043c\u0438\u043d\u043e\u0432\u0438\u0447 \u2014 \u0412\u0438\u043a\u0438\u043f\u0435\u0434\u0438\u044f (wikipedia.org)<\/a><br \/>\n(5) (-r-): Tajemstv\u00ed sedm\u00e9ho smyslu. Cesty psychotroniky. Ro\u010d. 10\/2009, \u010d. 4\/35<\/p>\n<p><strong>\u010ct\u011bte d\u00e1le:<\/strong><\/p>\n<p>W\u00e1gner, K.: Jak z\u00e1hadn\u00e1 aura na pole v\u011bdy doputovala <a href=\"http:\/\/karelwagner.blog.idnes.cz\/c\/258363\/Jak-zahadna-aura-na-pole-vedy-doputovala.html\" target=\"_blank\" rel=\"noopener\">http:\/\/karelwagner.blog.idnes.cz\/c\/258363\/Jak-zahadna-aura-na-pole-vedy-doputovala.html<\/a><\/p>\n","protected":false},"excerpt":{"rendered":"<p>O sv\u00e9 schopnosti vid\u011bt auru a jasnovideck\u00fdch schopnostech p\u0159esv\u011bd\u010duj\u00ed lidi mnoz\u00ed esoterikov\u00e9.<\/p>\n","protected":false},"author":1,"featured_media":210,"comment_status":"closed","ping_status":"open","sticky":false,"template":"","format":"standard","meta":{"footnotes":""},"categories":[7],"tags":[30],"class_list":["post-114","post","type-post","status-publish","format-standard","has-post-thumbnail","hentry","category-nazory","tag-aura"],"_links":{"self":[{"href":"https:\/\/www.cestypsychotroniky.cz\/index.php\/wp-json\/wp\/v2\/posts\/114","targetHints":{"allow":["GET"]}}],"collection":[{"href":"https:\/\/www.cestypsychotroniky.cz\/index.php\/wp-json\/wp\/v2\/posts"}],"about":[{"href":"https:\/\/www.cestypsychotroniky.cz\/index.php\/wp-json\/wp\/v2\/types\/post"}],"author":[{"embeddable":true,"href":"https:\/\/www.cestypsychotroniky.cz\/index.php\/wp-json\/wp\/v2\/users\/1"}],"replies":[{"embeddable":true,"href":"https:\/\/www.cestypsychotroniky.cz\/index.php\/wp-json\/wp\/v2\/comments?post=114"}],"version-history":[{"count":1,"href":"https:\/\/www.cestypsychotroniky.cz\/index.php\/wp-json\/wp\/v2\/posts\/114\/revisions"}],"predecessor-version":[{"id":115,"href":"https:\/\/www.cestypsychotroniky.cz\/index.php\/wp-json\/wp\/v2\/posts\/114\/revisions\/115"}],"wp:featuredmedia":[{"embeddable":true,"href":"https:\/\/www.cestypsychotroniky.cz\/index.php\/wp-json\/wp\/v2\/media\/210"}],"wp:attachment":[{"href":"https:\/\/www.cestypsychotroniky.cz\/index.php\/wp-json\/wp\/v2\/media?parent=114"}],"wp:term":[{"taxonomy":"category","embeddable":true,"href":"https:\/\/www.cestypsychotroniky.cz\/index.php\/wp-json\/wp\/v2\/categories?post=114"},{"taxonomy":"post_tag","embeddable":true,"href":"https:\/\/www.cestypsychotroniky.cz\/index.php\/wp-json\/wp\/v2\/tags?post=114"}],"curies":[{"name":"wp","href":"https:\/\/api.w.org\/{rel}","templated":true}]}}