{"id":1173,"date":"2023-12-03T00:10:06","date_gmt":"2023-12-02T23:10:06","guid":{"rendered":"https:\/\/www.cestypsychotroniky.cz\/?p=1173"},"modified":"2023-12-23T23:15:44","modified_gmt":"2023-12-23T22:15:44","slug":"veda-se-postavila-na-stranu-astrologie","status":"publish","type":"post","link":"https:\/\/www.cestypsychotroniky.cz\/index.php\/2023\/12\/03\/veda-se-postavila-na-stranu-astrologie\/","title":{"rendered":"V\u011bda se postavila na stranu astrologie?"},"content":{"rendered":"<p><strong>V posledn\u00ed dob\u011b se objevila \u0159ada studi\u00ed, jejich\u017e auto\u0159i do\u0161li k z\u00e1v\u011bru, \u017ee na\u0161e datum narozen\u00ed m\u00e1 v\u00fdznamn\u00fd dopad na n\u00e1\u0161 budouc\u00ed \u017eivot.<\/strong><!--more--><\/p>\n<p>Nav\u00edc se ukazuje, \u017ee \u010das a m\u011bs\u00edc narozen\u00ed m\u016f\u017ee v\u00fdznamn\u011b ovlivnit nejen zdrav\u00ed, ale i charakter.<\/p>\n<p>V\u011bdci Kolumbijsk\u00e9 university v New Yorku zve\u0159ejnili v roce 2015 v\u00fdsledky sv\u00e9 studie, kter\u00e9 se z\u00fa\u010dastnilo v\u00edce ne\u017e p\u016fl milionu lid\u00ed. Uk\u00e1zalo se, \u017ee m\u011bs\u00edc narozen\u00ed m\u00e1 siln\u00fd vliv na riziko vzniku alespo\u0148 55 onemocn\u011bn\u00ed, v\u010detn\u011b kardiovaskul\u00e1rn\u00edch chorob, astmatu nebo poruchou pozornosti s hyperaktivitou (ADHD). (1)<\/p>\n<p>V\u011bdci na univerzit\u011b v Cambridge tak\u00e9 zjistili, \u017ee m\u011bs\u00edc narozen\u00ed m\u016f\u017ee dramaticky ovlivnit na\u0161e zdrav\u00ed. Britov\u00e9 se chytili za hlavu: D\u011bti, kter\u00e9 se narodily v l\u00e9t\u011b, maj\u00ed v\u011bt\u0161\u00ed pravd\u011bpodobnost, \u017ee budou p\u0159i narozen\u00ed t\u011b\u017e\u0161\u00ed, budou v dosp\u011blosti vy\u0161\u0161\u00ed a tak\u00e9 celkov\u011b zdrav\u011bj\u0161\u00ed. (2)<\/p>\n<p>Ve \u0160pan\u011blsku nev\u011b\u0159ili sv\u00fdm koleg\u016fm a provedli vlastn\u00ed nez\u00e1visl\u00e9 \u0161et\u0159en\u00ed, ve kter\u00e9m pe\u010dliv\u011b prozkoumali data 29 tis\u00edc lid\u00ed. V\u00fdsledky v\u011bdeck\u00e9 pr\u00e1ce byly publikov\u00e1ny v odborn\u00e9m \u010dasopise Medicina Clinica. (3)<\/p>\n<p>Tak nap\u0159\u00edklad zjistili, \u017ee \u00farove\u0148 ultrafialov\u00e9ho z\u00e1\u0159en\u00ed zna\u010dn\u011b kol\u00eds\u00e1 v pr\u016fb\u011bhu cel\u00e9ho roku, co\u017e m\u00e1 zna\u010dn\u00fd vliv na \u00farove\u0148 obsahu vitaminu D. Krom\u011b toho, t\u011bhotn\u00e9 \u017eeny a jejich je\u0161t\u011b nenarozen\u00e9 d\u011bti, a to zejm\u00e9na v zimn\u00edm obdob\u00ed, jsou tak v\u00edce vystaveny vliv\u016f r\u016fzn\u00fdch vir\u016f.<\/p>\n<p>Mezi zkouman\u00fdmi skupinami byly jasn\u011b vymezeny rozd\u00edly mezi mu\u017ei a \u017eenami. Tak, pokud se mu\u017e narod\u00ed v srpnu, riziko vzniku astmatu je t\u00e9m\u011b\u0159 dvakr\u00e1t vy\u0161\u0161\u00ed, ne\u017e u t\u011bch, kte\u0159\u00ed se narodili na za\u010d\u00e1tku roku.<\/p>\n<p>Mu\u017e, narozen\u00fd v z\u00e1\u0159\u00ed m\u00e1 t\u0159ikr\u00e1t v\u011bt\u0161\u00ed pravd\u011bpodobnost, \u017ee bude m\u00edt probl\u00e9my se \u0161t\u00edtnou \u017el\u00e1zou, v porovn\u00e1n\u00ed s t\u011bmi, co se narodili v lednu.<\/p>\n<p>Chlapci, narozen\u00ed v \u010dervnu, maj\u00ed podle studie 34% men\u0161\u00ed riziko trp\u011bt depresemi ne\u017e ostatn\u00ed mu\u017ei. Nav\u00edc, mezi nimi bude i o 22% m\u00e9n\u011b t\u011bch, kte\u0159\u00ed trp\u00ed bolestmi zad. U mu\u017e\u016f, narozen\u00fdch v srpnu, se vyskytuje astma t\u00e9m\u011b\u0159 dvakr\u00e1t \u010dast\u011bji ne\u017e u mu\u017e\u016f, narozen\u00fdch na za\u010d\u00e1tku roku.<\/p>\n<p>Pokud se d\u00edvka narod\u00ed v \u010dervnu, je o 33% m\u00e9n\u011b pravd\u011bpodobn\u00e9, \u017ee bude trp\u011bt migr\u00e9nami, ne\u017e zbytek z jej\u00edch p\u0159\u00e1tel. Krom\u011b toho, bude m\u00edt m\u00e9n\u011b zdravotn\u00edch probl\u00e9m\u016f spojen\u00fdch s menopauzou. D\u00edvky, narozen\u00e9 v \u010dervenci maj\u00ed t\u00e9m\u011b\u0159 27-procentn\u00ed pravd\u011bpodobnost, \u017ee na rozd\u00edl od jin\u00fdch, se dlouhou dobu nesetk\u00e1 s hypertenz\u00ed. Jak se uk\u00e1zalo, d\u011bti, narozen\u00e9 v z\u00e1\u0159\u00ed, v\u00edce trp\u00ed chronick\u00fdmi chorobami.<\/p>\n<p>Tyto statistiky shrnul dost obecn\u011b britsk\u00fd webov\u00fd port\u00e1l NetDoctor. (4) Velmi povrchn\u011b uvedl zv\u00fd\u0161en\u00e9 zdravotn\u00ed riziko pro jednotlivce narozen\u00e9 v ur\u010dit\u00e9m m\u011bs\u00edci. P\u0159itom v\u011bdci upozor\u0148uj\u00ed v\u00fdslovn\u011b na to, \u017ee m\u011bs\u00edc narozen\u00ed nemus\u00ed nutn\u011b ovlivnit zdrav\u00ed. V\u011bdci na\u0161li jen ur\u010dit\u00fd stupe\u0148 z\u00e1vislosti (tj. statistick\u00e9 pravd\u011bpodobnosti) n\u011bkter\u00fdch chronick\u00fdch onemocn\u011bn\u00ed v p\u0159\u00edpad\u011b narozen\u00ed v ur\u010dit\u00e9m m\u011bs\u00edci.<\/p>\n<p><strong><em>Odkazy<\/em><\/strong><\/p>\n<p><em>(1) Data Scientists Find Connections Between Birth Month and Health. Columbia edu, 8.6.2015. Internet: <a href=\"http:\/\/newsroom.cumc.columbia.edu\/blog\/2015\/06\/08\/data-scientists-find-connections-between-birth-month-and-health\/\" target=\"_blank\" rel=\"noopener\">http:\/\/newsroom.cumc.columbia.edu\/blog\/2015\/06\/08\/data-scientists-find-connections-between-birth-month-and-health\/<\/a> <\/em><br \/>\n<em>(2) Felix R. Day, Nita G. Forouhi, Ken K. Ong, John R.B. Perry: Season of birth is associated with birth weight, pubertal timing, adult body size and educational attainment: a UK Biobank study. Heliyon, 12.10.2015. Internet: <a href=\"http:\/\/www.heliyon.com\/article\/e00031\/#Abstract\" target=\"_blank\" rel=\"noopener\">http:\/\/www.heliyon.com\/article\/e00031\/#Abstract<\/a> <\/em><br \/>\n<em>(3) Jose Antonio Quesada \u2013 Andreu Nolasco: Relaci\u00f3n entre el mes de nacimiento y la prevalencia de enfermedades cr\u00f3nicas. Medicina Clinica, Volume 148, Issue 11, 7 June 2017, Pages 489-494. Internet: <a href=\"http:\/\/www.sciencedirect.com\/science\/article\/pii\/S2387020617303388\" target=\"_blank\" rel=\"noopener\">http:\/\/www.sciencedirect.com\/science\/article\/pii\/S2387020617303388<\/a> <\/em><br \/>\n<em>(4) Fletcher, B.: This is how your birth month could affect your long term health. NetDoctor, 21.6.2017. Internet: <a href=\"http:\/\/www.netdoctor.co.uk\/healthy-living\/wellbeing\/news\/a28403\/birth-month-long-term-health-study\/\" target=\"_blank\" rel=\"noopener\">http:\/\/www.netdoctor.co.uk\/healthy-living\/wellbeing\/news\/a28403\/birth-month-long-term-health-study\/<\/a><\/em><\/p>\n","protected":false},"excerpt":{"rendered":"<p>V posledn\u00ed dob\u011b se objevila \u0159ada studi\u00ed, jejich\u017e auto\u0159i do\u0161li k z\u00e1v\u011bru, \u017ee na\u0161e datum narozen\u00ed m\u00e1 v\u00fdznamn\u00fd dopad na<\/p>\n","protected":false},"author":1,"featured_media":386,"comment_status":"closed","ping_status":"open","sticky":false,"template":"","format":"standard","meta":{"footnotes":""},"categories":[7,5,8],"tags":[60,17],"class_list":["post-1173","post","type-post","status-publish","format-standard","has-post-thumbnail","hentry","category-nazory","category-souvislosti","category-veda","tag-clovek","tag-nemoc"],"_links":{"self":[{"href":"https:\/\/www.cestypsychotroniky.cz\/index.php\/wp-json\/wp\/v2\/posts\/1173","targetHints":{"allow":["GET"]}}],"collection":[{"href":"https:\/\/www.cestypsychotroniky.cz\/index.php\/wp-json\/wp\/v2\/posts"}],"about":[{"href":"https:\/\/www.cestypsychotroniky.cz\/index.php\/wp-json\/wp\/v2\/types\/post"}],"author":[{"embeddable":true,"href":"https:\/\/www.cestypsychotroniky.cz\/index.php\/wp-json\/wp\/v2\/users\/1"}],"replies":[{"embeddable":true,"href":"https:\/\/www.cestypsychotroniky.cz\/index.php\/wp-json\/wp\/v2\/comments?post=1173"}],"version-history":[{"count":1,"href":"https:\/\/www.cestypsychotroniky.cz\/index.php\/wp-json\/wp\/v2\/posts\/1173\/revisions"}],"predecessor-version":[{"id":1174,"href":"https:\/\/www.cestypsychotroniky.cz\/index.php\/wp-json\/wp\/v2\/posts\/1173\/revisions\/1174"}],"wp:featuredmedia":[{"embeddable":true,"href":"https:\/\/www.cestypsychotroniky.cz\/index.php\/wp-json\/wp\/v2\/media\/386"}],"wp:attachment":[{"href":"https:\/\/www.cestypsychotroniky.cz\/index.php\/wp-json\/wp\/v2\/media?parent=1173"}],"wp:term":[{"taxonomy":"category","embeddable":true,"href":"https:\/\/www.cestypsychotroniky.cz\/index.php\/wp-json\/wp\/v2\/categories?post=1173"},{"taxonomy":"post_tag","embeddable":true,"href":"https:\/\/www.cestypsychotroniky.cz\/index.php\/wp-json\/wp\/v2\/tags?post=1173"}],"curies":[{"name":"wp","href":"https:\/\/api.w.org\/{rel}","templated":true}]}}