{"id":1487,"date":"2025-10-04T00:16:59","date_gmt":"2025-10-03T22:16:59","guid":{"rendered":"https:\/\/www.cestypsychotroniky.cz\/?p=1487"},"modified":"2025-11-26T00:53:19","modified_gmt":"2025-11-25T23:53:19","slug":"vliv-astronomickych-jevu-na-dejiny","status":"publish","type":"post","link":"https:\/\/www.cestypsychotroniky.cz\/index.php\/2025\/10\/04\/vliv-astronomickych-jevu-na-dejiny\/","title":{"rendered":"Vliv astronomick\u00fdch jev\u016f na d\u011bjiny"},"content":{"rendered":"<p><strong>Rehabilitace astrologie? &#8211; <em>Mysterydogs<\/em> reaguj\u00ed na \u010dl\u00e1nek: <em>Svoboda Ji\u0159\u00ed: Co se stalo s po\u010das\u00edm? Astronomie dala za pravdu astrologii! Fantastick\u00e1 fakta, 6\/1997.<\/em><\/strong><!--more--><\/p>\n<p><strong>Koment\u00e1\u0159 (1)<\/strong><\/p>\n<p>V \u00favodu sv\u00e9ho \u010dl\u00e1nku se autor odvol\u00e1v\u00e1 na v\u00fdsledky \u010desk\u00e9 badatelky Ivany Charv\u00e1tov\u00e9. Tak\u017ee nen\u00ed z\u0159ejm\u00e9, kdo z obou jmenovan\u00fdch je (sp\u00ed\u0161e) p\u016fvodcem kter\u00e9ho z obou propojen\u00fdch t\u00e9mat, kter\u00e1 \u010dl\u00e1nek zahrnuje.<\/p>\n<p>Prvn\u00edm t\u00e9matem je toti\u017e rozbor slune\u010dn\u00edch cykl\u016f, kde\u017eto druh\u00fdm je vliv t\u011bchto cykl\u016f a pota\u017emo dal\u0161\u00edch planet, na lidsk\u00e9 d\u011bjiny, resp. na soci\u00e1ln\u011b politickou stabilitu v pr\u016fb\u011bhu historie.<\/p>\n<p><strong>Velmi stru\u010dn\u00fd v\u00fdtah \u010dl\u00e1nku<\/strong><\/p>\n<p>Slunce podl\u00e9h\u00e1 cel\u00e9 \u0159ad\u011b r\u016fzn\u00fdch cykl\u016f, tj. periodicky vykazuje jist\u00e9 pom\u011brn\u011b komplikovan\u00e9 pohybov\u00e9 charakteristiky, zejm\u00e9na v d\u016fsledku gravita\u010dn\u00edho p\u016fsoben\u00ed velk\u00fdch planet (Jupiter, Saturn, Neptun). T\u00edmto zp\u016fsobem periodicky doch\u00e1z\u00ed i k rozkmit\u00e1n\u00ed slune\u010dn\u00ed hmoty a tedy i magnetick\u00e9ho pole Slunce, ale i planet, pokud magnetick\u00e9 pole maj\u00ed. T\u00edm je samoz\u0159ejm\u011b ovlivn\u011bno pozemsk\u00e9 podneb\u00ed, kter\u00e9 je v\u00fdznamn\u00fdm faktorem p\u016fsob\u00edc\u00edm na v\u00fdvoj lidsk\u00fdch d\u011bjin.<\/p>\n<p>Jinak \u0159e\u010deno, jde o jist\u00e9 potvrzen\u00ed platnosti astrologie, nebo\u0165 je tak vlastn\u011b objasn\u011bna spojnice mezi astronomick\u00fdmi jevy a d\u011bjinami lidstva.<\/p>\n<p>Popsan\u00e9 astrofyzik\u00e1ln\u00ed vlivy v podstat\u011b vy\u00fas\u0165uj\u00ed v existenci slune\u010dn\u00edch cykl\u016f o d\u00e9lce 30 a\u017e 50 let. Tyto cykly vykazuj\u00ed st\u0159\u00eddav\u011b maxima a minima, kter\u00e1 se v pozemsk\u00e9m podneb\u00ed projevuj\u00ed jako tepl\u00e1 \u010di chladn\u00e1 klimatick\u00e1 obdob\u00ed. P\u0159itom tepl\u00e1 obdob\u00ed odpov\u00eddaj\u00ed obdob\u00edm soci\u00e1ln\u00ed a politick\u00e9 stability \u010di rozvoje, zat\u00edmco u chladn\u00fdch je tomu naopak. Obdob\u00ed glob\u00e1ln\u00edho ochlazen\u00ed, v n\u011bkter\u00fdch p\u0159\u00edpadech lze hovo\u0159it dokonce o tzv. \u201cmal\u00fdch dob\u00e1ch ledov\u00fdch\u201c, s sebou p\u0159in\u00e1\u0161ela hladomory, zimy, povodn\u011b, ne\u00farody, p\u0159\u00edp. morov\u00e9 epidemie \u010di pandemie. Nap\u0159\u00edklad v roce 1330 (konec obdob\u00ed Ch1) zahynulo v \u010c\u00edn\u011b v d\u016fsledku obrovsk\u00fdch z\u00e1plav 5 a\u017e 6 milion\u016f lid\u00ed. Nemo\u017enost poh\u0159b\u00edt v kr\u00e1tk\u00e9 dob\u011b v\u0161echna t\u011bla vyvolala epidemii, kter\u00e1 b\u011bhem nast\u00e1vaj\u00edc\u00edho obdob\u00ed oteplen\u00ed p\u0159erostla ve vlnu \u0161\u00ed\u0159\u00edc\u00ed se morov\u00e9 n\u00e1kazy, zachvacuj\u00edc\u00ed b\u011bhem dal\u0161\u00edch 20 let zdrcuj\u00edc\u00edm zp\u016fsobem i Evropu (odhaduje se \u00famrt\u00ed jedn\u00e9 t\u0159etiny lidsk\u00e9 populace v tehdy zn\u00e1m\u00e9m sv\u011bt\u011b). B\u011bhem dal\u0161\u00edch dvaceti let (obdob\u00ed S2) se stav za\u010dal konsolidovat; atd., atd.<\/p>\n<p>Pou\u017eit\u00e9 zkratky (obdob\u00ed Ch, S) poch\u00e1zej\u00ed z n\u00e1sleduj\u00edc\u00ed tabulky, kter\u00e1 zn\u00e1zor\u0148uje v\u00fd\u0161e zm\u00edn\u011bn\u00e9 cykly o d\u00e9lce 30 a\u017e 50 let, a p\u0159i\u0159azuje jim aktu\u00e1ln\u00ed d\u011bjinnou situaci, tedy stabilitu nebo nestabilitu, resp. chaos:<\/p>\n<p style=\"text-align: center;\"><img loading=\"lazy\" decoding=\"async\" class=\"alignnone wp-image-1488 size-full\" src=\"https:\/\/www.cestypsychotroniky.cz\/wp-content\/uploads\/2025\/11\/cp_vliv-astronomickych1.jpg\" alt=\"\" width=\"500\" height=\"187\" srcset=\"https:\/\/www.cestypsychotroniky.cz\/wp-content\/uploads\/2025\/11\/cp_vliv-astronomickych1.jpg 500w, https:\/\/www.cestypsychotroniky.cz\/wp-content\/uploads\/2025\/11\/cp_vliv-astronomickych1-300x112.jpg 300w\" sizes=\"auto, (max-width: 500px) 100vw, 500px\" \/><\/p>\n<p><strong>P\u00e1tr\u00e1n\u00ed<\/strong><\/p>\n<p>Pro v\u011bt\u0161\u00ed n\u00e1zornost jsme z tabulky uv\u00e1d\u011bn\u00e9 v \u010dl\u00e1nku zpracovali n\u00e1sleduj\u00edc\u00ed graf:<\/p>\n<p style=\"text-align: center;\"><img loading=\"lazy\" decoding=\"async\" class=\"alignnone wp-image-1489 size-full\" src=\"https:\/\/www.cestypsychotroniky.cz\/wp-content\/uploads\/2025\/11\/cp_vliv-astronomickych2.jpg\" alt=\"\" width=\"500\" height=\"280\" srcset=\"https:\/\/www.cestypsychotroniky.cz\/wp-content\/uploads\/2025\/11\/cp_vliv-astronomickych2.jpg 500w, https:\/\/www.cestypsychotroniky.cz\/wp-content\/uploads\/2025\/11\/cp_vliv-astronomickych2-300x168.jpg 300w\" sizes=\"auto, (max-width: 500px) 100vw, 500px\" \/><\/p>\n<p>Jist\u00e1, i kdy\u017e ne zrovna ide\u00e1ln\u00ed periodicita, je z n\u011bj bezpochyby z\u0159ejm\u00e1. Ale co vlastn\u011b znamen\u00e1?<\/p>\n<p>Nem\u00e1me nic proti Slunci, planet\u00e1m a jejich pohyb\u016fm. Dokonce jsme ochotni v\u011b\u0159it, \u017ee slune\u010dn\u00ed cykly funguj\u00ed tak, jak je v \u010dl\u00e1nku pops\u00e1no. V podstat\u011b nem\u00e1me nic ani proti astrologii. Sice v ni nev\u011b\u0159\u00edme, ale respektujeme, \u017ee n\u011bkdo bez asistence sv\u00e9ho osobn\u00edho astrologa, jak se \u0159\u00edk\u00e1, ned\u00e1 ani r\u00e1nu.<\/p>\n<p>Nepochybujeme ani o hr\u016fz\u00e1ch morov\u00fdch epidemi\u00ed, husitsk\u00fdch v\u00e1lek, v\u00e1lky t\u0159icetilet\u00e9, \u010di v\u00e1lek napoleonsk\u00fdch, uv\u00e1d\u011bn\u00fdch v \u010dl\u00e1nku.<\/p>\n<p>Av\u0161ak pochybujeme o tom, \u017ee lidsk\u00fdm d\u011bjin\u00e1m lze jednozna\u010dn\u011b p\u0159ipsat jak\u00e9si intervaly stability \u010di nestability. Tak nap\u0159\u00edklad z hlediska v\u00fdskytu v\u00e1lek je z\u0159ejm\u00e9, \u017ee na Zemi se v podstat\u011b v\u00e1l\u010d\u00ed st\u00e1le, od dob, kdy se to \u010dlov\u011bk nau\u010dil. Z\u00e1le\u017e\u00ed kam se zrovna d\u00edv\u00e1me, co vezmeme v \u00favahu a co zanedb\u00e1me. O \u010dem v\u00edme, \u010di chceme v\u011bd\u011bt, o \u010dem rad\u011bji ne.<\/p>\n<p>Osobn\u00ed subjektivita a celkov\u00e1 pochybnost pokus\u016f o takov\u00e9 hodnocen\u00ed jasn\u011b vyplyne p\u0159edev\u0161\u00edm ze zp\u016fsobu, jak\u00fdm je v \u010dl\u00e1nku charakterizov\u00e1no 20. stolet\u00ed, reprezentovan\u00e9 dle tabulky obdob\u00edm S5, 1906-1965, kter\u00e9 jsme ozna\u010dili \u010derven\u011b. V \u010dl\u00e1nku se prav\u00ed:<\/p>\n<p>\u201cEvropa 20. stolet\u00ed z\u016fst\u00e1v\u00e1 od n\u00e1stupu dlouhodob\u00e9ho maxima s vysok\u00fdmi desetilet\u00fdmi cykly a\u017e t\u00e9m\u011b\u0159 do dne\u0161n\u00ed sou\u010dasnosti prakticky v nezm\u011bn\u011bn\u00e9 podob\u011b &#8230;\u201c<\/p>\n<p>Odhl\u00e9dn\u011bme od nejasnosti, pro\u010d se zde najednou mluv\u00ed o desetilet\u00fdch cyklech, kdy\u017e pro tabulku byly uva\u017eov\u00e1ny cykly 30 a\u017e 50 let, ov\u0161em ani to pro v\u0161echny v tabulce uv\u00e1d\u011bn\u00e9 intervaly p\u0159esn\u011b neplat\u00ed.<\/p>\n<p>A p\u0159ipus\u0165me, \u017ee je-li stabilita 20. stolet\u00ed, nepochybn\u011b vypl\u00fdvaj\u00edc\u00ed z v\u00fd\u0161e uveden\u00e9ho v\u00fdroku, m\u00edn\u011bna klimaticky, pak je to nejsp\u00ed\u0161e pravda. Av\u0161ak bylo by to tvrzen\u00ed zcela zcestn\u00e9 ve smyslu d\u011bjinn\u00e9m. Evropou (i mimo ni) se v dan\u00e9m obdob\u00ed p\u0159ehnaly s kr\u00e1tk\u00fdm odstupem dvaceti let dv\u011b sv\u011btov\u00e9 v\u00e1lky, kter\u00e9 dle r\u016fzn\u00fdch zdroj\u016f a odhad\u016f lze charakterizovat celkem asi 180 miliony bojuj\u00edc\u00edch voj\u00e1k\u016f, 50 miliony padl\u00fdch a snad t\u00e9\u017e asi 50 miliony ran\u011bn\u00fdch. Ni\u010divost t\u011bchto v\u00e1lek, jak z hlediska situace na front\u00e1ch, tak z hlediska dopad\u016f na civiln\u00ed obyvatelstvo (to p\u0159edev\u0161\u00edm za druh\u00e9 sv\u011btov\u00e9 v\u00e1lky), dosud nem\u011bla v d\u011bjin\u00e1ch obdoby.<\/p>\n<p>Mimoto b\u011bhem prvn\u00ed sv\u011btov\u00e9 v\u00e1lky nastala v Rusku revoluce, v jej\u00edm\u017e d\u016fsledku byla nastolena p\u0159ibli\u017en\u011b sedmdes\u00e1t let trvaj\u00edc\u00ed diktatura decimuj\u00edc\u00ed postupn\u011b cel\u00e9 soci\u00e1ln\u00ed vrstvy, ba i n\u00e1rody, a to nikoliv na \u00fazem\u00ed nep\u0159\u00edtele, ale ve vlastn\u00ed zemi.<\/p>\n<p>Naproti tomu n\u011bmeck\u00fd nacismus trval jen po zlomek tohoto obdob\u00ed, t\u00edm v\u00edce v\u0161ak byly jeho nelidsk\u00e9 ni\u010div\u00e9 projevy intenzivn\u011bj\u0161\u00ed.<\/p>\n<p>Po skon\u010den\u00ed druh\u00e9 sv\u011btov\u00e9 v\u00e1lky se vz\u00e1p\u011bt\u00ed rozvinula tzv. v\u00e1lka studen\u00e1, op\u011bt zcela nov\u00fd dosud nezn\u00e1m\u00fd fenom\u00e9n v d\u011bjin\u00e1ch, b\u011bhem kter\u00e9 byly vyvinuty ty nejni\u010div\u011bj\u0161\u00ed zbran\u011b, jejich\u017e faktick\u00fd \u00fa\u010dinek je mimo jak\u00e9koliv na\u0161e p\u0159edstavy.<\/p>\n<p>Mnoh\u00e9 konflikty 20. stolet\u00ed byly spojeny s rozpadem existuj\u00edc\u00edch st\u00e1tn\u00edch celk\u016f. Po p\u00e1du komunismu byl pr\u016fb\u011bh tohoto procesu v Evrop\u011b paradoxn\u011b a p\u0159ekvapiv\u011b krvav\u00fd (b\u00fdval\u00e1 Jugosl\u00e1vie).<\/p>\n<p>Historici se sp\u00ed\u0161e shoduj\u00ed na tom, \u017ee 20. stolet\u00ed bylo dosud nejhrozn\u011bj\u0161\u00ed ze v\u0161ech p\u0159edchoz\u00edch. Ozna\u010duje snad \u010dl\u00e1nek tuto situaci \u00fasekem stability S5?<\/p>\n<p><strong>V\u00fdsledek<\/strong><\/p>\n<p>A\u0165 je to ji\u017e v \u010dl\u00e1nku m\u00edn\u011bno jakkoliv, jedno je z n\u011bj zcela z\u0159ejm\u00e9: P\u0159inejmen\u0161\u00edm pr\u00e1v\u011b 20. stolet\u00ed vykazuje zcela z\u00e1sadn\u00ed rozpor mezi (snad) stabilitou klimatickou \u010di astrofyzik\u00e1ln\u00ed a d\u011bjinn\u00fdmi ot\u0159esy dosud zcela mimo\u0159\u00e1dn\u00e9ho rozsahu, kter\u00e9 se v n\u011bm odehr\u00e1valy.<\/p>\n<p>A jak zn\u00e1mo, sebemen\u0161\u00ed vnit\u0159n\u00ed rozpor ka\u017edou teorii vyvrac\u00ed.<\/p>\n<p><strong>Z\u00e1v\u011br<\/strong><\/p>\n<p>By\u0165 se \u010dl\u00e1nek sna\u017e\u00ed vych\u00e1zet (snad) z racion\u00e1ln\u00edch \u00favah o astrofyzik\u00e1ln\u00edch vlivech na podneb\u00ed, jeho snaha dok\u00e1zat spojitost mezi t\u011bmito vlivy a d\u011bjinnou situac\u00ed, je zcela zcestn\u00e1.<\/p>\n<p><strong>Koment\u00e1\u0159 (2)<\/strong><\/p>\n<p>Zd\u00e1 se, \u017ee v\u0161ak i p\u0159esv\u011bd\u010den\u00e9 vyznava\u010de astrologie p\u00e1l\u00ed v koutku du\u0161e nedostatek uzn\u00e1n\u00ed \u201cofici\u00e1ln\u00ed\u201c v\u011bdou. Z\u0159ejm\u011b z tohoto d\u016fvodu se v \u010dasopise hned za t\u00edmto \u010dl\u00e1nkem ocitlo v\u00fdrazn\u011b vyti\u0161t\u011bn\u00e9 zvol\u00e1n\u00ed:<\/p>\n<p>\u201cV\u00edtej zp\u00e1tky mezi v\u011bdami, astrologie, pov\u011btrn\u00e1 dcero astronomie!\u201c<\/p>\n<p>Ov\u0161em po prostudov\u00e1n\u00ed \u010dl\u00e1nku je z\u0159ejm\u00e9, \u017ee toto zvol\u00e1n\u00ed nem\u016f\u017ee b\u00fdt ni\u010d\u00edm jin\u00fdm, ne\u017e jak\u00fdmsi nesplniteln\u00fdm tou\u017eebn\u00fdm p\u0159\u00e1n\u00edm, on\u00edm p\u0159\u00edslove\u010dn\u00fdm v\u00fdk\u0159ikem do tmy. Nebo \u017ee by to byl v tomto p\u0159\u00edpad\u011b sp\u00ed\u0161e v\u00fdk\u0159ik ze tmy?<\/p>\n<p style=\"text-align: right;\"><em>Tom\u00e1\u0161 Dosoudil, Mysterydogs.cz, 10\/2003<\/em><\/p>\n","protected":false},"excerpt":{"rendered":"<p>Rehabilitace astrologie? &#8211; Mysterydogs reaguj\u00ed na \u010dl\u00e1nek: Svoboda Ji\u0159\u00ed: Co se stalo s po\u010das\u00edm? Astronomie dala za pravdu astrologii! Fantastick\u00e1<\/p>\n","protected":false},"author":1,"featured_media":1490,"comment_status":"closed","ping_status":"open","sticky":false,"template":"","format":"standard","meta":{"footnotes":""},"categories":[7,5],"tags":[26,27],"class_list":["post-1487","post","type-post","status-publish","format-standard","has-post-thumbnail","hentry","category-nazory","category-souvislosti","tag-kritika","tag-skepse"],"_links":{"self":[{"href":"https:\/\/www.cestypsychotroniky.cz\/index.php\/wp-json\/wp\/v2\/posts\/1487","targetHints":{"allow":["GET"]}}],"collection":[{"href":"https:\/\/www.cestypsychotroniky.cz\/index.php\/wp-json\/wp\/v2\/posts"}],"about":[{"href":"https:\/\/www.cestypsychotroniky.cz\/index.php\/wp-json\/wp\/v2\/types\/post"}],"author":[{"embeddable":true,"href":"https:\/\/www.cestypsychotroniky.cz\/index.php\/wp-json\/wp\/v2\/users\/1"}],"replies":[{"embeddable":true,"href":"https:\/\/www.cestypsychotroniky.cz\/index.php\/wp-json\/wp\/v2\/comments?post=1487"}],"version-history":[{"count":1,"href":"https:\/\/www.cestypsychotroniky.cz\/index.php\/wp-json\/wp\/v2\/posts\/1487\/revisions"}],"predecessor-version":[{"id":1491,"href":"https:\/\/www.cestypsychotroniky.cz\/index.php\/wp-json\/wp\/v2\/posts\/1487\/revisions\/1491"}],"wp:featuredmedia":[{"embeddable":true,"href":"https:\/\/www.cestypsychotroniky.cz\/index.php\/wp-json\/wp\/v2\/media\/1490"}],"wp:attachment":[{"href":"https:\/\/www.cestypsychotroniky.cz\/index.php\/wp-json\/wp\/v2\/media?parent=1487"}],"wp:term":[{"taxonomy":"category","embeddable":true,"href":"https:\/\/www.cestypsychotroniky.cz\/index.php\/wp-json\/wp\/v2\/categories?post=1487"},{"taxonomy":"post_tag","embeddable":true,"href":"https:\/\/www.cestypsychotroniky.cz\/index.php\/wp-json\/wp\/v2\/tags?post=1487"}],"curies":[{"name":"wp","href":"https:\/\/api.w.org\/{rel}","templated":true}]}}