{"id":415,"date":"2023-05-29T00:08:30","date_gmt":"2023-05-28T22:08:30","guid":{"rendered":"https:\/\/www.cestypsychotroniky.cz\/?p=415"},"modified":"2025-01-10T00:23:42","modified_gmt":"2025-01-09T23:23:42","slug":"dabel-vystrasil-luthera","status":"publish","type":"post","link":"https:\/\/www.cestypsychotroniky.cz\/index.php\/2023\/05\/29\/dabel-vystrasil-luthera\/","title":{"rendered":"\u010e\u00e1bel vystra\u0161il Luthera?"},"content":{"rendered":"<p><strong>Sv\u011bdectv\u00ed o jevu <em>poltergeist<\/em> zanechal i n\u00e1bo\u017eensk\u00fd reform\u00e1tor <em>Martin Luther <\/em>(1483-1546).<\/strong><!--more--><\/p>\n<p>Kdy\u017e se v roce 1521 <em>Luther<\/em> skr\u00fdval p\u0159ed pape\u017esk\u00fdm hn\u011bvem na hrad\u011b <em>Wartburgu,<\/em> za\u017eil jedn\u00e9 noci velmi zvl\u00e1\u0161tn\u00ed ud\u00e1losti.<\/p>\n<p>Nejd\u0159\u00edve za\u010dal s\u00e1m od sebe poskakovat s\u00e1\u010dek s l\u00edskov\u00fdmi o\u0159\u00ed\u0161ky, pozd\u011bji za\u010daly samotn\u00e9 o\u0159\u00ed\u0161ky l\u00e9tat po m\u00edstnosti a odr\u00e1\u017eet se od stropn\u00edch tr\u00e1m\u016f. Posl\u00e9ze v\u0161echno utichlo a Luther kone\u010dn\u011b usnul.<\/p>\n<p>Uprost\u0159ed noci ho v\u0161ak vzbudil siln\u00fd hluk a vypadalo to, jakoby n\u011bkdo po schodech koulel sudy.<\/p>\n<p>Kn\u011bz vy\u0161el na chodbu se sv\u00ed\u010dkou v ruce, aby se p\u0159esv\u011bd\u010dil, co se d\u011bje, ale nikoho nespat\u0159il. Pro jistotu zamkl dve\u0159e sv\u00e9 komnaty a je\u0161t\u011b je zajistil \u0159et\u011bzem, aby se nikdo nemohl dostat dovnit\u0159.<\/p>\n<p>Druh\u00fd den se rad\u011bji p\u0159est\u011bhoval do jin\u00e9 \u010d\u00e1sti hradu. Komnata po n\u011bm p\u0159ipadla jedn\u00e9 komorn\u00e9, kter\u00e1 pak rovn\u011b\u017e potvrdila, \u017ee v noci sly\u0161ela hlasit\u00fd rachot.<\/p>\n<p>Podobn\u00e9 ud\u00e1losti pak <em>Luther<\/em> za\u017eil je\u0161t\u011b dvakr\u00e1t v kl\u00e1\u0161te\u0159e ve <em>Wittenbergu<\/em> a p\u0159ipisoval je \u0159\u00e1d\u011bn\u00ed neviditeln\u00e9ho \u010f\u00e1bla, kter\u00fd pr\u00fd zkou\u0161el pevnost jeho v\u00edry.<\/p>\n","protected":false},"excerpt":{"rendered":"<p>Sv\u011bdectv\u00ed o jevu poltergeist zanechal i n\u00e1bo\u017eensk\u00fd reform\u00e1tor Martin Luther (1483-1546).<\/p>\n","protected":false},"author":1,"featured_media":416,"comment_status":"closed","ping_status":"open","sticky":false,"template":"","format":"standard","meta":{"footnotes":""},"categories":[10,6],"tags":[46],"class_list":["post-415","post","type-post","status-publish","format-standard","has-post-thumbnail","hentry","category-osobnosti","category-poltergeist","tag-poltergeist"],"_links":{"self":[{"href":"https:\/\/www.cestypsychotroniky.cz\/index.php\/wp-json\/wp\/v2\/posts\/415","targetHints":{"allow":["GET"]}}],"collection":[{"href":"https:\/\/www.cestypsychotroniky.cz\/index.php\/wp-json\/wp\/v2\/posts"}],"about":[{"href":"https:\/\/www.cestypsychotroniky.cz\/index.php\/wp-json\/wp\/v2\/types\/post"}],"author":[{"embeddable":true,"href":"https:\/\/www.cestypsychotroniky.cz\/index.php\/wp-json\/wp\/v2\/users\/1"}],"replies":[{"embeddable":true,"href":"https:\/\/www.cestypsychotroniky.cz\/index.php\/wp-json\/wp\/v2\/comments?post=415"}],"version-history":[{"count":1,"href":"https:\/\/www.cestypsychotroniky.cz\/index.php\/wp-json\/wp\/v2\/posts\/415\/revisions"}],"predecessor-version":[{"id":417,"href":"https:\/\/www.cestypsychotroniky.cz\/index.php\/wp-json\/wp\/v2\/posts\/415\/revisions\/417"}],"wp:featuredmedia":[{"embeddable":true,"href":"https:\/\/www.cestypsychotroniky.cz\/index.php\/wp-json\/wp\/v2\/media\/416"}],"wp:attachment":[{"href":"https:\/\/www.cestypsychotroniky.cz\/index.php\/wp-json\/wp\/v2\/media?parent=415"}],"wp:term":[{"taxonomy":"category","embeddable":true,"href":"https:\/\/www.cestypsychotroniky.cz\/index.php\/wp-json\/wp\/v2\/categories?post=415"},{"taxonomy":"post_tag","embeddable":true,"href":"https:\/\/www.cestypsychotroniky.cz\/index.php\/wp-json\/wp\/v2\/tags?post=415"}],"curies":[{"name":"wp","href":"https:\/\/api.w.org\/{rel}","templated":true}]}}