{"id":519,"date":"2023-06-27T00:43:48","date_gmt":"2023-06-26T22:43:48","guid":{"rendered":"https:\/\/www.cestypsychotroniky.cz\/?p=519"},"modified":"2023-07-04T03:53:44","modified_gmt":"2023-07-04T01:53:44","slug":"co-je-levitace","status":"publish","type":"post","link":"https:\/\/www.cestypsychotroniky.cz\/index.php\/2023\/06\/27\/co-je-levitace\/","title":{"rendered":"Co je &#8222;levitace&#8220;?"},"content":{"rendered":"<p><strong>Levitovala i svat\u00e1 Ane\u017eka&#8230;?<\/strong><!--more--><\/p>\n<p><em>\u201eVoln\u00e9 vzn\u00e1\u0161en\u00ed osoby nebo objektu, fyzik\u00e1ln\u011b nevysv\u011btlen\u00e9,\u201c<\/em> tak se definuje levitace, jeden z nejvz\u00e1cn\u011bj\u0161\u00edch paranorm\u00e1ln\u00edch jev\u016f. O vzn\u00e1\u0161ej\u00edc\u00edch se tibetsk\u00fdch mni\u0161\u00edch p\u0159inesli zpr\u00e1vy seri\u00f3zn\u00ed novov\u011bc\u00ed cestovatel\u00e9. Pom\u011brn\u011b v\u011brohodn\u00e9 jsou tak\u00e9 podrobn\u00e9 popisy levitov\u00e1n\u00ed k\u0159es\u0165ansk\u00fdch sv\u011btc\u016f.<\/p>\n<p><strong>Jak tento \u00fakaz vysv\u011btluj\u00ed odborn\u00edci?<\/strong> (1, 2)<\/p>\n<p>Ze v\u0161ech dosud popsan\u00fdch p\u0159\u00edpad\u016f levitace bylo m\u00edstop\u0159\u00edse\u017en\u011b dosv\u011bd\u010deno pouze n\u011bkolik. Je\u0161t\u011b m\u00e9n\u011b jich dokl\u00e1daj\u00ed fotografie, \u010di dokonce filmy. I to je d\u016fvod, pro\u010d se floridsk\u00fd psychiatr <em>Berthold Schwarz<\/em> z <em>Vero Beach<\/em> ji\u017e \u010dty\u0159i roky tak intenzivn\u011b zab\u00fdv\u00e1 paranorm\u00e1ln\u00edmi schopnostmi <em>Petera Suglerise<\/em>, mlad\u00e9ho Ameri\u010dana z New Brunswicku v New Jersey. K jeho levitov\u00e1n\u00ed opakovan\u011b doch\u00e1zelo po n\u011bkolikam\u011bs\u00ed\u010dn\u00edm nedobrovoln\u00e9m p\u016fstu, vynucen\u00e9m \u017ealude\u010dn\u00edmi pot\u00ed\u017eemi. Jeho vzn\u00e1\u0161ej\u00edc\u00ed se t\u011blo zachycuje nejen mno\u017estv\u00ed fotografi\u00ed, ale i dva videoz\u00e1znamy po\u0159\u00edzen\u00e9 Peterovou man\u017eelkou.<\/p>\n<p style=\"text-align: center;\"><img loading=\"lazy\" decoding=\"async\" class=\"alignnone size-full wp-image-521\" src=\"https:\/\/www.cestypsychotroniky.cz\/wp-content\/uploads\/2023\/07\/cp_co_je_levitace2.jpg\" alt=\"\" width=\"222\" height=\"240\" \/><\/p>\n<p><strong>Unik\u00e1tn\u00ed sv\u011bdectv\u00ed objektu<\/strong><\/p>\n<p>Prvn\u00ed film z roku 1981 ukazuje <em>Petera Suglerise<\/em> (3) v transu a s k\u0159e\u010dovit\u011b skr\u010den\u00fdmi kon\u010detinami. V takov\u00e9m stavu se dvakr\u00e1t vznesl asi na osm sekund a\u017e do v\u00fd\u0161ky 35 centimetr\u016f nad zem. P\u0159ihodilo se to na dvorku domu jeho rodi\u010d\u016f p\u0159ed dr\u00e1t\u011bn\u00fdm plotem s vinnou r\u00e9vou. Na druh\u00e9m filmu z \u00fanora 1986 se podle Schwarze Sugleris z\u0159eteln\u011b vzn\u00e1\u0161\u00ed po 47 sekund asi 40 centimetr\u016f nad podlahou jasn\u011b osv\u011btlen\u00e9 kuchyn\u011b.<\/p>\n<p>Badatel nemohl lehce uv\u011b\u0159it, a tak se na Peterovy levitace mnohokr\u00e1t dotazoval \u010dlen\u016f jeho rodiny, p\u0159\u00e1tel i soused\u016f. Ve v\u00fdpov\u011bd\u00ed p\u0159\u00edbuzn\u00fdch a ostatn\u00edch sv\u011bdk\u016f v\u0161ak \u017e\u00e1dn\u00e9 rozpory nenalezl. Psychiatr je na z\u00e1klad\u011b t\u011bchto \u0161et\u0159en\u00ed p\u0159esv\u011bd\u010den o tom, \u017ee Sugleris je opravdu schopen levitace. T\u0159eba\u017ee dva pokusy o ni ve Schwarzov\u011b p\u0159\u00edtomnosti selhaly. Usuzuje tak i podle jeho projev\u016f psychokineze, kter\u00e9 s\u00e1m n\u011bkolikr\u00e1t pozoroval. Schwarz by uv\u00edtal, aby Suglerisovo chov\u00e1n\u00ed zkoumali nezaujat\u00ed v\u011bdci. On s\u00e1m pr\u00fd dosud dok\u00e1zal odhalit pouze zlomek jeho schopnost\u00ed odporuj\u00edc\u00edch z\u00e1kon\u016fm fyziky.<\/p>\n<p style=\"text-align: center;\"><img loading=\"lazy\" decoding=\"async\" class=\"alignnone size-full wp-image-520\" src=\"https:\/\/www.cestypsychotroniky.cz\/wp-content\/uploads\/2023\/07\/cp_co_je_levitace1.jpg\" alt=\"\" width=\"204\" height=\"240\" \/><\/p>\n<p><strong>Povzn\u00e1\u0161ej\u00edc\u00ed zbo\u017en\u00e9 meditace<\/strong><\/p>\n<p>Levitace, p\u0159i n\u00ed\u017e se lid\u00e9 dok\u00e1\u017e\u00ed vzn\u00e1\u0161et nezn\u00e1mou neviditelnou silou, hr\u00e1ly v\u00fdznamnou roli ji\u017e v p\u0159\u00edb\u011bz\u00edch sv\u011btc\u016f a sv\u011btic z dob ran\u00e9ho k\u0159es\u0165anstv\u00ed a st\u0159edov\u011bku. N\u011bmeck\u00fd publicista, historik a filozof <em>Joseph von G\u00f6res<\/em> (1770 a\u017e 1848) se ve sv\u00e9m d\u00edle <em>K\u0159es\u0165ansk\u00e1 mystika<\/em> zmi\u0148uje o 72 p\u0159\u00edpadech. Ke svat\u00fdm, kte\u0159\u00ed se vzn\u00e1\u0161eli, pat\u0159\u00ed nap\u0159\u00edklad <em>Kate\u0159ina ze Sieny, Franti\u0161ek z Assisi, Petr z Alcantary, Tereza z Avily, Anna Kate\u0159ina von Emmerick, svat\u00fd Bernardino Realina, Josef z Copertina <\/em>a dokonce i <em>svat\u00e1 Ane\u017eka.<\/em> O levitaci informovali bu\u010f sami svat\u00ed, nebo velmi \u010dasto i o\u010dit\u00ed sv\u011bdci. Okolnosti, za kter\u00fdch k n\u00ed do\u0161lo, jej\u00ed v\u00fd\u0161ku a sv\u00e9 pocity mnoz\u00ed svato\u0159e\u010den\u00ed podrobn\u011b popsali. Nad \u00farove\u0148 zem\u011b se obvykle vznesli o n\u011bkolik centimetr\u016f, ale zn\u00e1m\u00e9 i p\u0159\u00edpady l\u00e1t\u00e1n\u00ed ve v\u00fd\u0161ce n\u011bkolika metr\u016f.<\/p>\n<p><em>Svat\u00fd Petr z Alcantary<\/em> (1499 a\u017e 1562) se \u201e<em>v nejvy\u0161\u0161\u00edm vytr\u017een\u00ed<\/em>\u201c vznesl a\u017e ke kosteln\u00ed klenb\u011b do v\u00fd\u0161ky 15 lokt\u016f (asi 11,5 metr\u016f). P\u0159eb\u00fdval v mal\u00e9 poustevn\u011b v zahrad\u011b hrab\u011bte <em>Oropese,<\/em> kde ho slou\u017e\u00edc\u00ed \u010dasto v\u00eddali, jak s rozepjat\u00fdma rukama vis\u00ed ve vzduchu. V t\u00e9to pozici z\u016fst\u00e1val pr\u00fd i cel\u00fd den, n\u011bkdy dokonce celou noc a nikdo se ho neodv\u00e1\u017eil vyru\u0161it.<\/p>\n<p><em>Blahoslaven\u00fd Ludv\u00edk z Mantovy <\/em>se kolem roku 1500 v ext\u00e1zi vzn\u00e1\u0161el po cel\u00e9 t\u0159i dny. O <em>svat\u00e9 Ane\u017ece<\/em> se vypravuje, \u017ee se jednou se dv\u011bma dal\u0161\u00edmi sestrami proch\u00e1zela kl\u00e1\u0161tern\u00ed zahradou, kdy\u017e n\u00e1hle za\u010dala stoupat do v\u00fd\u0161e a zmizela. Zp\u00e1tky na zem k u\u017easl\u00fdm sestr\u00e1m se vr\u00e1tila a\u017e za hodinu. Podobn\u00e9 legendy se traduj\u00ed tak\u00e9 o <em>svat\u00e9m Franti\u0161ku z Assisi<\/em>, kter\u00fd v transu levitoval na ho\u0159e <em>Alverna.<\/em> Podle o\u010dit\u00fdch sv\u011bdk\u016f byla jeho vzn\u00e1\u0161en\u00ed \u010dasto spojena s podivn\u00fdmi sv\u011bteln\u00fdmi \u00fakazy. Velmi podobn\u00e9 zpr\u00e1vy se dochovaly i o dal\u0161\u00edch sv\u011btc\u00edch.<\/p>\n<p style=\"text-align: center;\"><img loading=\"lazy\" decoding=\"async\" class=\"alignnone size-medium wp-image-522\" src=\"https:\/\/www.cestypsychotroniky.cz\/wp-content\/uploads\/2023\/07\/cp_co_je_levitace3-212x300.jpg\" alt=\"\" width=\"212\" height=\"300\" srcset=\"https:\/\/www.cestypsychotroniky.cz\/wp-content\/uploads\/2023\/07\/cp_co_je_levitace3-212x300.jpg 212w, https:\/\/www.cestypsychotroniky.cz\/wp-content\/uploads\/2023\/07\/cp_co_je_levitace3.jpg 220w\" sizes=\"auto, (max-width: 212px) 100vw, 212px\" \/><\/p>\n<p><strong>Co na to gravitace?<\/strong><\/p>\n<p>Jak mohou n\u011bkte\u0159\u00ed jedinci bez pomoci sv\u00e9ho t\u011bla opustit zemsk\u00fd povrch a pohybovat se vzduchem navzdory p\u0159ita\u017elivosti planety? N\u011bmeck\u00fd publicista <em>Ernst Meckelburg<\/em> se podobn\u00fdmi jevy zab\u00fdv\u00e1 ji\u017e dlouh\u00e9 roky. O levituj\u00edc\u00edch osob\u00e1ch soud\u00ed, \u017ee z\u0159ejm\u011b n\u011bjak\u00fdm zp\u016fsobem ru\u0161\u00ed gravitaci nebo ji dok\u00e1\u017e\u00ed \u201ed\u00e1vkovat\u201c. To by vysv\u011btlovalo t\u0159eba vzn\u00e1\u0161en\u00ed <em>svat\u00e9ho Josefa z Copertina<\/em> (1603 a\u017e 1663), kter\u00e9 \u00fadajn\u011b pozorovalo velk\u00e9 mno\u017estv\u00ed sv\u011bdk\u016f. <em>Josef<\/em> nechal na mal\u00e9m pahorku mezi <em>Copertinem<\/em> a kl\u00e1\u0161terem <em>Grotella<\/em> z\u0159\u00eddit n\u00e1vr\u0161\u00ed s k\u0159\u00ed\u017eovou cestou a <em>kalv\u00e1ri\u00ed.<\/em> P\u0159i jej\u00ed stavb\u011b si sv\u011btec v\u0161iml, \u017ee s nejv\u011bt\u0161\u00edm a mimo\u0159\u00e1dn\u011b t\u011b\u017ek\u00fdm k\u0159\u00ed\u017eem, kter\u00fd m\u011bl p\u0159ij\u00edt mezi dva men\u0161\u00ed, nedok\u00e1\u017eou pohnout ani deset mu\u017e\u016f. Proto pr\u00fd vystoupal do v\u00fd\u0161ky a <em>\u201epoh\u00e1n\u011bn svatou horlivost\u00ed\u201c<\/em> ulet\u011bl od kl\u00e1\u0161tern\u00ed br\u00e1ny sm\u011brem ke k\u0159\u00ed\u017ei vzd\u00e1lenost rovnaj\u00edc\u00ed se asi 80 krok\u016fm. Pak s\u00e1m b\u0159emeno uchopil, s nev\u00fdslovnou lehkost\u00ed ho nadzvedl a vsadil do p\u0159edem p\u0159ipraven\u00e9 j\u00e1my.<\/p>\n<p><strong><em>Odkazy<\/em><\/strong><\/p>\n<p><em>(1) <a href=\"http:\/\/en.wikipedia.org\/wiki\/Levitation\" target=\"_blank\" rel=\"noopener\">http:\/\/en.wikipedia.org\/wiki\/Levitation<\/a> <\/em><br \/>\n<em>(2) <a href=\"http:\/\/en.wikipedia.org\/wiki\/Levitation_%28paranormal%29\" target=\"_blank\" rel=\"noopener\">http:\/\/en.wikipedia.org\/wiki\/Levitation_%28paranormal%29<\/a><\/em><br \/>\n<em>(3) <a href=\"http:\/\/magic-paranormal.forumactif.com\/t1536-les-levitations-de-peter-sugleris\" target=\"_blank\" rel=\"noopener\">http:\/\/magic-paranormal.forumactif.com\/t1536-les-levitations-de-peter-sugleris<\/a><\/em><\/p>\n","protected":false},"excerpt":{"rendered":"<p>Levitovala i svat\u00e1 Ane\u017eka&#8230;?<\/p>\n","protected":false},"author":1,"featured_media":183,"comment_status":"closed","ping_status":"open","sticky":false,"template":"","format":"standard","meta":{"footnotes":""},"categories":[13],"tags":[70],"class_list":["post-519","post","type-post","status-publish","format-standard","has-post-thumbnail","hentry","category-zazitky","tag-levitace"],"_links":{"self":[{"href":"https:\/\/www.cestypsychotroniky.cz\/index.php\/wp-json\/wp\/v2\/posts\/519","targetHints":{"allow":["GET"]}}],"collection":[{"href":"https:\/\/www.cestypsychotroniky.cz\/index.php\/wp-json\/wp\/v2\/posts"}],"about":[{"href":"https:\/\/www.cestypsychotroniky.cz\/index.php\/wp-json\/wp\/v2\/types\/post"}],"author":[{"embeddable":true,"href":"https:\/\/www.cestypsychotroniky.cz\/index.php\/wp-json\/wp\/v2\/users\/1"}],"replies":[{"embeddable":true,"href":"https:\/\/www.cestypsychotroniky.cz\/index.php\/wp-json\/wp\/v2\/comments?post=519"}],"version-history":[{"count":1,"href":"https:\/\/www.cestypsychotroniky.cz\/index.php\/wp-json\/wp\/v2\/posts\/519\/revisions"}],"predecessor-version":[{"id":523,"href":"https:\/\/www.cestypsychotroniky.cz\/index.php\/wp-json\/wp\/v2\/posts\/519\/revisions\/523"}],"wp:featuredmedia":[{"embeddable":true,"href":"https:\/\/www.cestypsychotroniky.cz\/index.php\/wp-json\/wp\/v2\/media\/183"}],"wp:attachment":[{"href":"https:\/\/www.cestypsychotroniky.cz\/index.php\/wp-json\/wp\/v2\/media?parent=519"}],"wp:term":[{"taxonomy":"category","embeddable":true,"href":"https:\/\/www.cestypsychotroniky.cz\/index.php\/wp-json\/wp\/v2\/categories?post=519"},{"taxonomy":"post_tag","embeddable":true,"href":"https:\/\/www.cestypsychotroniky.cz\/index.php\/wp-json\/wp\/v2\/tags?post=519"}],"curies":[{"name":"wp","href":"https:\/\/api.w.org\/{rel}","templated":true}]}}