{"id":966,"date":"2024-11-25T00:28:03","date_gmt":"2024-11-24T23:28:03","guid":{"rendered":"https:\/\/www.cestypsychotroniky.cz\/?p=966"},"modified":"2024-12-01T21:01:45","modified_gmt":"2024-12-01T20:01:45","slug":"ma-zrcadlo-pamet","status":"publish","type":"post","link":"https:\/\/www.cestypsychotroniky.cz\/index.php\/2024\/11\/25\/ma-zrcadlo-pamet\/","title":{"rendered":"M\u00e1 zrcadlo pam\u011b\u0165?"},"content":{"rendered":"<p><strong>Ve Francii se ned\u00e1vno, v roce 1997, stal podivn\u00fd p\u0159\u00edb\u011bh.<\/strong><!--more--><\/p>\n<p>P\u0159ed 500 lety, v dob\u00e1ch \u010darod\u011bjnic a boje s d\u00e9mony by snad byl tento p\u0159\u00edb\u011bh norm\u00e1ln\u00ed, ov\u0161em nikoli na konci 20. stolet\u00ed.<\/p>\n<p>Jeden obchodn\u00edk s antikv\u00e1rn\u00edm zbo\u017e\u00edm uve\u0159ejnil v tisku inzer\u00e1t s nab\u00eddkou na odprodej zrcadla, na kter\u00e9m je naps\u00e1no: \u201eLuis Arpo, rok 1743.\u201c<\/p>\n<p>Prodej m\u00e1 v\u0161ak h\u00e1\u010dek \u2013 toto zrcadlo se stalo p\u0159\u00ed\u010dinou smrti 38 lid\u00ed. Jak \u0159ekl vedouc\u00ed pa\u0159\u00ed\u017esk\u00e9 asociace antikv\u00e1rn\u00edch obchodn\u00edk\u016f Emil Frene, bylo uschov\u00e1no v policejn\u00edm skladu od t\u00e9 doby, co se stalo p\u0159\u00ed\u010dinou smrti dvou lid\u00ed v roce 1910. Ale p\u0159ed t\u0159emi lety n\u011bkdo pronikl do skladu a ukradl \u0159adu v\u011bc\u00ed, v\u010detn\u011b zrcadla. A tak se dostalo k p\u0159ekupn\u00edk\u016fm.<\/p>\n<p>Sv\u00e9ho \u010dasu se vyslovovaly rozli\u010dn\u00e9 hypot\u00e9zy o mo\u017en\u00fdch p\u0159\u00ed\u010din\u00e1ch z\u00e1hadn\u00fdch \u00famrt\u00ed.<br \/>\nKdosi se domn\u00edval, \u017ee zrcadlo Lius Arpo zp\u016fsobuje krevn\u00ed v\u00fdron v mozku, kter\u00fd vznikne zvl\u00e1\u0161tn\u00edm odrazem paprsku sv\u011btla. Jin\u00ed \u0159\u00edkaj\u00ed, \u017ee zrcadlo soust\u0159e\u010fuje z\u00e1pornou energii.<\/p>\n<p>Dal\u0161\u00ed, \u017ee jde o magick\u00e9 zrcadlo \u2013 br\u00e1nu, kter\u00e1 zachv\u00e1t\u00ed du\u0161i do podsv\u011bt\u00ed.<\/p>\n<p>Podle jin\u00fdch n\u00e1zor\u016f je zrcadlo podobno magnetu, kter\u00e9 je schopno na sv\u016fj povrch soust\u0159edit rozli\u010dn\u00e9 jedy.<\/p>\n<p>O tom byl p\u0159esv\u011bd\u010den st\u0159edov\u011bk\u00fd l\u00e9ka\u0159 a u\u010denec Paracelsus (1493 \u2013 1541). A autor utopick\u00e9ho d\u00edla \u201eSlune\u010dn\u00ed st\u00e1t\u201c, Thomas Campanella (1568 \u2013 1639), napsal, \u017ee \u201estar\u00e9 \u017eeny, chudokrevn\u00e9, a z jejich\u017e rt\u016f a o\u010d\u00ed vych\u00e1z\u00ed o\u0161kliv\u00fd a p\u00e1chnouc\u00ed dech, jakmile pohl\u00e9dnou do zrcadla, toto ze\u0161edne, zakal\u00ed se, a od jejich t\u011b\u017ek\u00e9ho dechu se p\u00e1ry kondenzuj\u00ed na chladn\u00e9m povrchu zrcadla, a vznikaj\u00ed kapi\u010dky vlhkosti. A tk\u00e1\u0148, na kterou pad\u00e1 jejich sliny, za\u010d\u00edn\u00e1 hn\u00edt. Pokud s takovou sta\u0159enou bude sp\u00e1t d\u00edt\u011b, jeho dni se budou kr\u00e1tit, jej\u00ed zase prodlu\u017eovat, a\u017e d\u00edt\u011b zem\u0159e.\u201c (Campanella, T.: Del senso delle cose e della magia, IV., 14)<\/p>\n<p>Za 100 let tuto ot\u00e1zku znovu otev\u0159eli francouz\u0161t\u00ed u\u010denci. Tak se v jednom dokumentu francouzsk\u00e9 akademie v\u011bd z roku 1739 p\u00ed\u0161e:<\/p>\n<p>\u201eKdy\u017e se jedna star\u00e1 \u017eena p\u0159ibl\u00ed\u017eila k vyroben\u00e9mu, \u010dist\u00e9mu zrcadlu a z\u016fstala p\u0159ed n\u00edm ur\u010ditou del\u0161\u00ed dobu, zrcadlo nas\u00e1klo velk\u00fdm mno\u017estv\u00edm jej\u00edch o\u0161kliv\u00fdch \u0161\u0165\u00e1v. Ty byly odebr\u00e1ny a analyzov\u00e1ny. Uk\u00e1zalo se, \u017ee byly velmi jedovat\u00e9.\u201c<\/p>\n<p>T\u00edmto zp\u016fsobem se objas\u0148ovaly i r\u016fzn\u00e9 lidov\u00e9 pov\u011bry, podle kter\u00fdch se nedoporu\u010duje p\u0159ich\u00e1zet k zrcadlu v dob\u011b nevolnosti a nemoci. Vych\u00e1zelo se z toho, \u017ee v dob\u011b nemoci, ale i p\u0159i nevolnosti lidsk\u00e1 k\u016f\u017ee, a j\u00edm vydechnut\u00fd vzduch obsahuj\u00ed jedovat\u00e9 p\u0159\u00edm\u011bsi, kter\u00e9 se soust\u0159e\u010fuj\u00ed na povrchu skla. A ty pak mohou p\u0159in\u00e9st ne\u0161t\u011bst\u00ed tomu, kdo se zrcadlem p\u0159ijde do styku.<\/p>\n<p>Ov\u0161em to v\u0161e nem\u016f\u017ee b\u00fdt p\u0159\u00ed\u010dinou mnohon\u00e1sobn\u00fdch \u00famrt\u00ed majitel\u016f zrcadla Luis Arpo, a u\u017e v \u017e\u00e1dn\u00e9m p\u0159\u00edpad\u011b se nem\u016f\u017ee jednat soust\u0159ed\u011bn\u00ed n\u011bjak\u00fdch chemick\u00fdch slou\u010denin a jed\u016f na jeho povrchu. V\u017edy\u0165 je lehce omyvateln\u00e9 vodou. Nen\u00ed mo\u017en\u00e9, aby jej n\u011bkdo za dv\u011b a p\u016fl stolet\u00ed neumyl.<\/p>\n<p>Dal\u0161\u00ed hypot\u00e9zou je, zda je mo\u017en\u00e9 do zrcadla vn\u00e9st, zachovat a p\u0159edat n\u011bjakou informaci, tedy &#8211; zda zrcadlo m\u016f\u017ee m\u00edt pam\u011b\u0165.<\/p>\n<p>Zrcadlo v dom\u011b \u2013 je to n\u011bm\u00fd a \u010dasto i jedin\u00fd sv\u011bdek ud\u00e1lost\u00ed. P\u0159ed n\u00edm se odehr\u00e1vaj\u00ed radosti i dramata\u2026 Bylo by mo\u017en\u00e9 obrazy, odehr\u00e1vaj\u00edc\u00ed se p\u0159ed n\u00edm, rekonstruovat? Ka\u017ed\u00e9mu rozumn\u00e9mu \u010dlov\u011bku je jasn\u00e9, \u017ee to nen\u00ed mo\u017en\u00e9.<\/p>\n<p>\u201eZrcadlo,\u201c p\u00ed\u0161e ve sv\u00e9 knize \u201eLiter\u00e1rn\u00ed zrcadla\u201c A. Bulis, \u201eje to sou\u010dasn\u00e9 a jen sou\u010dasn\u00e9, bez minulosti, bez budoucnosti. Zrcadlo \u2013 to je zt\u011blesn\u011bn\u00e1 amn\u00e9zie. Je to plynouc\u00ed a ub\u00edhaj\u00edc\u00ed soubor okam\u017eik\u016f, obr\u00e1zk\u016f, unikaj\u00edc\u00edch do nebyt\u00ed, jako voda a p\u00edsek\u2026\u201c<\/p>\n<p>Ov\u0161em na\u0161i p\u0159edkov\u00e9 v\u011b\u0159ili, \u017ee zrcadlo, stejn\u011b jako jin\u00e9 p\u0159edm\u011bty, v sob\u011b nesou vlastnosti sv\u00e9ho majitele. Byli p\u0159esv\u011bd\u010deni, \u017ee jejich v\u011bci jsou \u201enas\u00e1kl\u00e9\u201c jejich my\u0161lenkami, z\u00e1jmy, cht\u011bn\u00edm.<\/p>\n<p>Mohou tedy zrcadla, podobn\u011b jako kamery, b\u00fdt schopny zachycovat d\u011bn\u00ed, odehr\u00e1vaj\u00edc\u00ed se p\u0159ed nimi?<\/p>\n<p>Doktor Berendt z Izraele provedl zaj\u00edmav\u00fd experiment s \u017eenou, ovl\u00e1daj\u00edc\u00ed jednu v\u00fdjime\u010dnou schopnost. Po\u017e\u00e1dal j\u00ed, aby popsala pocity, kter\u00e9 v n\u00ed vyvol\u00e1vaj\u00ed j\u00ed nezn\u00e1m\u00e9 p\u0159edm\u011bty, nach\u00e1zej\u00edc\u00ed se uvnit\u0159 dvou stejn\u00fdch krabi\u010dek.<\/p>\n<p>Jedna krabi\u010dka u n\u00ed vyvolala pocit siln\u00e9ho ot\u0159esu, n\u011bco jako v\u00fdbuch. U druh\u00e9 krabi\u010dky to bylo jin\u00e9. Vybavil se j\u00ed obraz jak\u00e9hosi polorozbo\u0159en\u00e9ho amfite\u00e1tru s obrovsk\u00fdmi star\u00fdmi amforami.<\/p>\n<p>Kdy\u017e krabi\u010dky otev\u0159eli, v prvn\u00ed byly kousky okenn\u00edho skla, rozbit\u00e9ho v Jeruzal\u00e9m\u011b p\u0159i v\u00fdbuchu, p\u0159i kter\u00e9m zahynulo n\u011bkolik lid\u00ed. Ve druh\u00e9 byly star\u00e9 \u0159\u00edmsk\u00e9 mince, nalezen\u00e9 archeology.<\/p>\n<p>Tak\u00e9 v Rusk\u00e9 federaci jsou lid\u00e9, schopni odhalovat pam\u011b\u0165 v\u011bc\u00ed. Nap\u0159. podle \u00fatr\u017ek\u016f od\u011bvu pom\u00e1haj\u00ed naj\u00edt zlo\u010dince. Bohu\u017eel, v\u011bda zat\u00edm nebyla schopna se p\u0159ibl\u00ed\u017eit k objasn\u011bn\u00ed tohoto fenom\u00e9nu.<\/p>\n<p>P\u0159ipome\u0148me si jeden zaj\u00edmav\u00fd fyzik\u00e1ln\u00ed pokus. Na pap\u00edr vysypeme \u017eelezn\u00e9 piliny a pod n\u00edm um\u00edst\u00edme magnet. Piliny se rozestav\u00ed do tvaru jinak neviditeln\u00fdch magnetick\u00fdch silo\u010dar. A i kdy\u017e magnet odebereme, obr\u00e1zek z\u016fstane. Nest\u00e1v\u00e1 se n\u011bco podobn\u00e9ho i s na\u0161\u00edm vn\u00edm\u00e1n\u00edm a my\u0161lenkami ?<\/p>\n<p>Jak se n\u011bkte\u0159\u00ed badatel\u00e9 domn\u00edvaj\u00ed, zachov\u00e1v\u00e1 se v prostoru, stejn\u011b jako obraz d\u00e1vno od\u0148at\u00e9ho magnetu, otisk na\u0161ich p\u0159\u00e1n\u00ed, emoc\u00ed i my\u0161lenek. Tento otisk z\u016fst\u00e1v\u00e1 na p\u0159edm\u011btech, kter\u00fdmi \u010dlov\u011bk manipuloval.<\/p>\n<p>Pokud tedy libovoln\u00e1 v\u011bc m\u00e1 schopnost zachovat na sob\u011b tento informa\u010dn\u00ed otisk, pak pro\u010d zrcadla v\u00edce?<\/p>\n<p>Zvl\u00e1\u0161t\u011b zrcadla z amalgamu a st\u0159\u00edbra \u2013 jejich kovov\u00e9 m\u0159\u00ed\u017eky by mohly b\u00fdt mimo\u0159\u00e1dn\u011b vhodn\u00e9 pro uchov\u00e1n\u00ed informace. Nelze tedy vylou\u010dit ani to, \u017ee p\u0159i zvl\u00e1\u0161tn\u00edch p\u0159\u00edpadech informace, kdysi zachycena zrcadlem, m\u016f\u017ee b\u00fdt zp\u011btn\u011b na \u010dlov\u011bka vyz\u00e1\u0159ena.<\/p>\n<p>Ned\u00e1vn\u00e1 zji\u0161t\u011bn\u00ed potvrdila verzi o pam\u011bti zrcadel.<\/p>\n<p>Jde o v\u00fdsledky experiment\u016f, kter\u00e9 provedli spolupracovn\u00edci Institutu probl\u00e9m\u016f \u0159\u00edzen\u00ed Rusk\u00e9 akademie v\u011bd, doktora biologick\u00fdch v\u011bd P.P. Garjajeva a kandid\u00e1ta technick\u00fdch v\u011bd G.G. Terty\u0161nova. B\u011bhem sv\u00fdch v\u00fdzkum\u016f zjistili zvl\u00e1\u0161tn\u00ed efekt, kter\u00fd zaj\u00edmav\u011b souvis\u00ed s t\u00edmto t\u00e9matem. Stalo se tak n\u00e1hodn\u011b b\u011bhem zkoum\u00e1n\u00ed biologicky aktivn\u00edch radiovln, kter\u00e9 vyd\u00e1vaj\u00ed molekuly DNA.<\/p>\n<p>Vzorek DNA je um\u00edst\u011bn mezi laserem a vn\u011bj\u0161\u00edm (chladn\u00fdm) zrcadlem. P\u0159\u00edm\u00fd i odra\u017een\u00fd laserov\u00fd paprsek od tohoto zrcadla v sob\u011b nese genetickou informaci dan\u00e9ho vzorku DNA.<\/p>\n<p>Toto zji\u0161t\u011bn\u00ed m\u00e1 velk\u00fd v\u00fdznam. Mj. m\u016f\u017ee vyvolat hypot\u00e9zu, \u017ee \u017eivot na Zemi mohl vzniknout n\u00e1sledkem oz\u00e1\u0159en\u00ed na\u0161\u00ed planety spektry rozli\u010dn\u00fdch DNA z jin\u00fdch kosmick\u00fdch t\u011bles.<\/p>\n<p>Ale to nejzaj\u00edmav\u011bj\u0161\u00ed na tomto zji\u0161t\u011bn\u00ed je, \u017ee spektrum DNA z\u016fst\u00e1v\u00e1 vyz\u00e1\u0159eno v prostoru d\u00e1le pot\u00e9, co s\u00e1m vzorek DNA ji\u017e neexistuje. P\u0159\u00ed\u010dina tohoto udivuj\u00edc\u00edho efektu je v tom, \u017ee tuto informaci uchov\u00e1vaj\u00ed ona zrcadla. Dal\u0161\u00ed experimenty up\u0159esnily i dobu uchov\u00e1n\u00ed t\u00e9to informace \u2013 zat\u00edmco \u201ehork\u00e1\u201c laserov\u00e1 zrcadla uchov\u00e1vaj\u00ed tuto informaci 3 hodiny, \u201echladn\u00e1\u201c (za pokojov\u00e9 teploty) mnohem d\u00e9le \u2013 ne m\u00e9n\u011b ne\u017e 3 m\u011bs\u00edce.<\/p>\n<p>I kdy\u017e to byl senza\u010dn\u00ed objev, v\u011bdce to p\u0159\u00edli\u0161 nepot\u011b\u0161ilo. To proto, \u017ee jim \u201epam\u011b\u0165 zrcadel\u201c p\u0159inesla nem\u00e1lo nep\u0159\u00edjemnost\u00ed. V\u017edy\u0165 star\u00e1 genetick\u00e1 informace, uchovan\u00e1 v zrcadle, je probl\u00e9m, kter\u00fdm se p\u0159evrac\u00ed mnoho p\u0159edchoz\u00edch zji\u0161t\u011bn\u00ed.<\/p>\n<p>Je samoz\u0159ejm\u00e9, \u017ee v\u00fdzkumn\u00edky zaj\u00edmal mechanismus uchov\u00e1n\u00ed informace v zrcadlech. Jedna hypot\u00e9za \u0159\u00edk\u00e1, \u017ee je to vlivem jak\u00e9si lokalizace foton\u016f. A tak dal\u0161\u00edm laserov\u00fdm paprskem je mo\u017en\u00e9 informaci ze zrcadla op\u011bt vyz\u00e1\u0159it.<\/p>\n<p>Je tedy mo\u017en\u00e9, \u017ee by zrcadla mohla uchov\u00e1vat nejen genetick\u00e9 informace, ale i lidsk\u00e9 emoce, my\u0161lenky a pocity? Samoz\u0159ejm\u011b, jen ty nejsiln\u011bj\u0161\u00ed, b\u011bhem t\u011b\u017ek\u00e9 nemoci, vypjat\u00fdch emocion\u00e1ln\u00edch stav\u016f, kdy jsou v\u0161echny biologick\u00e9, fyziologick\u00e9 a psychick\u00e9 pochody maxim\u00e1ln\u00ed a tak plnit \u00falohu laserov\u00e9ho paprsku.<\/p>\n<p>Zaj\u00edmav\u00fd p\u0159\u00edb\u011bh pro\u017eila jedna mlad\u00e1 moskevsk\u00e1 rodina. Za\u0159\u00eddila si byt ve staro\u017eitn\u00e9m stylu \u2013 n\u00e1bytek i obrazy. Oba man\u017eele v\u0161ak n\u00e1hle za\u010daly tr\u00e1pit zl\u00e9 sny \u2013 ob\u011bma se zd\u00e1lo o ohni a \u017e\u00e1ru, kter\u00fd obklopuje cel\u00e9 jejich t\u011blo. Na mu\u017ee se jakoby vyl\u00e9val roz\u017ehaven\u00fd kov, a on nem\u016f\u017ee uniknout. \u017den\u011b se zdaj\u00ed podobn\u00e9 sny o tom, jak na n\u00ed ho\u0159\u00ed od\u011bv, odpad\u00e1vaj\u00ed kusy sp\u00e1len\u00e9 k\u016f\u017ee\u2026 Hr\u016fzou a k\u0159ikem se oba probouz\u00ed.<\/p>\n<p>Zjistilo se, \u017ee podivn\u00e9 sny za\u010daly pot\u00e9, co koupili od p\u0159\u00edbuzn\u00fdch v Petrohrad\u011b star\u00e9 rodinn\u00e9 zrcadlo a pov\u011bsili je do lo\u017enice. Teprve sta\u0159enka, od kter\u00e9 zrcadlo koupili, jim objasnila jeho historii. B\u011bhem blok\u00e1dy Leningradu za 2. sv\u011btov\u00e9 v\u00e1lky v jej\u00edm byt\u011b uho\u0159el jej\u00ed mlad\u0161\u00ed bratr \u2013 svrhl na sebe petrolejovou lampu. Samoz\u0159ejm\u011b, \u017ee se tak stalo v m\u00edstnosti, kde viselo toto zrcadlo. Kdy\u017e man\u017eel\u00e9 zrcadlo odstranili, zl\u00e9 sny skon\u010dily.<\/p>\n<p>Je tak\u00e9 jasn\u00e9, \u017ee zrcadlo m\u016f\u017ee uchov\u00e1vat a akumulovat i dobr\u00e9 ud\u00e1losti i vlastnosti p\u0159\u00e1telsk\u00e9 rodiny. St\u00e1v\u00e1 se moudr\u00fdm patriarchou, pomocn\u00edkem a hospod\u00e1\u0159em sv\u00fdch potomk\u016f. Proto m\u016f\u017ee b\u00fdt \u0161patn\u00fdm znamen\u00edm rozb\u00edt star\u00e9, rodinn\u00e9 zrcadlo, jak \u0159\u00edk\u00e1 p\u0159\u00edslov\u00ed o sedmi ne\u0161\u0165astn\u00fdch l\u00e9tech.<\/p>\n<p>Bohu\u017eel, daleko l\u00e9pe se do zrcadel zapisuj\u00ed z\u0159ejm\u011b negativn\u00ed informace. A krom\u011b toho, \u017ee je uchov\u00e1v\u00e1, je tak\u00e9 za ur\u010dit\u00fdch podm\u00ednek \u201evrac\u00ed\u201c zp\u011bt i s \u00faroky.<\/p>\n<p>Ale k tomu, aby se v\u0161e vr\u00e1tilo, mus\u00ed \u010dlov\u011bk b\u00fdt ve zvl\u00e1\u0161tn\u00edm stavu a ten n\u011bjak\u00fdm zp\u016fsobem souviset s uchovanou informac\u00ed.<\/p>\n<p>Jen vzpome\u0148me na rady psycholog\u016f ned\u00edvat se do zrcadel v dob\u011b nemoci, \u0161patn\u00e9 n\u00e1lady a ne\u0161t\u011bst\u00ed, ale rad\u011bji se do zrcadla usm\u00edvat, a p\u0159\u00e1t si \u00fasp\u011bch a \u0161t\u011bst\u00ed. Vr\u00e1cen\u00fd a zes\u00edlen\u00fd vliv ze zrcadla pom\u00e1h\u00e1 sejmout strach, stres, a nep\u0159\u00edjemn\u00e9 n\u00e1lady. Zat\u00edmco my programujeme zrcadlo, ono programuje i n\u00e1s\u2026<\/p>\n","protected":false},"excerpt":{"rendered":"<p>Ve Francii se ned\u00e1vno, v roce 1997, stal podivn\u00fd p\u0159\u00edb\u011bh.<\/p>\n","protected":false},"author":1,"featured_media":312,"comment_status":"closed","ping_status":"open","sticky":false,"template":"","format":"standard","meta":{"footnotes":""},"categories":[5],"tags":[60,52],"class_list":["post-966","post","type-post","status-publish","format-standard","has-post-thumbnail","hentry","category-souvislosti","tag-clovek","tag-historie"],"_links":{"self":[{"href":"https:\/\/www.cestypsychotroniky.cz\/index.php\/wp-json\/wp\/v2\/posts\/966","targetHints":{"allow":["GET"]}}],"collection":[{"href":"https:\/\/www.cestypsychotroniky.cz\/index.php\/wp-json\/wp\/v2\/posts"}],"about":[{"href":"https:\/\/www.cestypsychotroniky.cz\/index.php\/wp-json\/wp\/v2\/types\/post"}],"author":[{"embeddable":true,"href":"https:\/\/www.cestypsychotroniky.cz\/index.php\/wp-json\/wp\/v2\/users\/1"}],"replies":[{"embeddable":true,"href":"https:\/\/www.cestypsychotroniky.cz\/index.php\/wp-json\/wp\/v2\/comments?post=966"}],"version-history":[{"count":1,"href":"https:\/\/www.cestypsychotroniky.cz\/index.php\/wp-json\/wp\/v2\/posts\/966\/revisions"}],"predecessor-version":[{"id":967,"href":"https:\/\/www.cestypsychotroniky.cz\/index.php\/wp-json\/wp\/v2\/posts\/966\/revisions\/967"}],"wp:featuredmedia":[{"embeddable":true,"href":"https:\/\/www.cestypsychotroniky.cz\/index.php\/wp-json\/wp\/v2\/media\/312"}],"wp:attachment":[{"href":"https:\/\/www.cestypsychotroniky.cz\/index.php\/wp-json\/wp\/v2\/media?parent=966"}],"wp:term":[{"taxonomy":"category","embeddable":true,"href":"https:\/\/www.cestypsychotroniky.cz\/index.php\/wp-json\/wp\/v2\/categories?post=966"},{"taxonomy":"post_tag","embeddable":true,"href":"https:\/\/www.cestypsychotroniky.cz\/index.php\/wp-json\/wp\/v2\/tags?post=966"}],"curies":[{"name":"wp","href":"https:\/\/api.w.org\/{rel}","templated":true}]}}